{"id":47788,"date":"2026-09-01T14:36:55","date_gmt":"2026-09-01T14:36:55","guid":{"rendered":"https:\/\/agglotech.com\/marmomac-2026\/"},"modified":"2026-09-01T15:23:33","modified_gmt":"2026-09-01T15:23:33","slug":"marmomac-2026","status":"publish","type":"post","link":"https:\/\/agglotech.com\/fr\/marmomac-2026\/","title":{"rendered":"Marmomac 2026"},"content":{"rendered":"\t\t<div data-elementor-type=\"wp-post\" data-elementor-id=\"47788\" class=\"elementor elementor-47788 elementor-47767\" data-elementor-post-type=\"post\">\n\t\t\t\t<div class=\"elementor-element elementor-element-bf041d9 e-con-full e-flex e-con e-parent\" data-id=\"bf041d9\" data-element_type=\"container\" data-e-type=\"container\" data-settings=\"{&quot;background_background&quot;:&quot;classic&quot;}\">\n\t\t<div class=\"elementor-element elementor-element-1d863de e-con-full e-flex e-con e-child\" data-id=\"1d863de\" data-element_type=\"container\" data-e-type=\"container\" data-settings=\"{&quot;background_background&quot;:&quot;classic&quot;}\">\n\t\t\t\t<div class=\"elementor-element elementor-element-4e21b76 animated-slow elementor-invisible elementor-widget elementor-widget-heading\" data-id=\"4e21b76\" data-element_type=\"widget\" data-e-type=\"widget\" data-settings=\"{&quot;_animation&quot;:&quot;fadeInDown&quot;}\" data-widget_type=\"heading.default\">\n\t\t\t\t<div class=\"elementor-widget-container\">\n\t\t\t\t\t<h1 class=\"elementor-heading-title elementor-size-default\">MARMOMAC 2026<br \/><span style=\"font-size: 20px;font-style: italic\">Terrazzo par Agglotech<\/span><\/h1>\t\t\t\t<\/div>\n\t\t\t\t<\/div>\n\t\t\t\t<\/div>\n\t\t\t\t<\/div>\n\t\t<div class=\"elementor-element elementor-element-982f907 e-con-full e-flex e-con e-child\" data-id=\"982f907\" data-element_type=\"container\" data-e-type=\"container\" data-settings=\"{&quot;background_background&quot;:&quot;classic&quot;}\">\n\t\t<div class=\"elementor-element elementor-element-412d239 e-con-full e-flex e-con e-child\" data-id=\"412d239\" data-element_type=\"container\" data-e-type=\"container\" data-settings=\"{&quot;background_background&quot;:&quot;classic&quot;}\">\n\t\t\t\t<div class=\"elementor-element elementor-element-eeca817 elementor-widget elementor-widget-heading\" data-id=\"eeca817\" data-element_type=\"widget\" data-e-type=\"widget\" data-widget_type=\"heading.default\">\n\t\t\t\t<div class=\"elementor-widget-container\">\n\t\t\t\t\t<h1 class=\"elementor-heading-title elementor-size-default\">Agglotech \u00e0 Marmomac 2026 : la mati\u00e8re se renouvelle<\/h1>\t\t\t\t<\/div>\n\t\t\t\t<\/div>\n\t\t\t\t<div class=\"elementor-element elementor-element-9ad6591 elementor-widget elementor-widget-text-editor\" data-id=\"9ad6591\" data-element_type=\"widget\" data-e-type=\"widget\" data-widget_type=\"text-editor.default\">\n\t\t\t\t<div class=\"elementor-widget-container\">\n\t\t\t\t\t\t\t\t\tNouveaux \u00e9chantillons en avant-premi\u00e8re, et la m\u00eame capacit\u00e9 \u00e0 transformer le terrazzo en langage architectural.\t\t\t\t\t\t\t\t<\/div>\n\t\t\t\t<\/div>\n\t\t\t\t<div class=\"elementor-element elementor-element-f1a0d90 elementor-widget elementor-widget-text-editor\" data-id=\"f1a0d90\" data-element_type=\"widget\" data-e-type=\"widget\" data-widget_type=\"text-editor.default\">\n\t\t\t\t<div class=\"elementor-widget-container\">\n\t\t\t\t\t\t\t\t\tCette ann\u00e9e encore, Agglotech sera pr\u00e9sent \u00e0 <i>Marmomac 2026<\/i>, le salon international d\u00e9di\u00e9 \u00e0 la pierre naturelle et aux mat\u00e9riaux pour l&rsquo;architecture, qui se tiendra \u00e0 Verona Fiere <b>du 22 au 25 septembre 2026<\/b>.\t\t\t\t\t\t\t\t<\/div>\n\t\t\t\t<\/div>\n\t\t\t\t<\/div>\n\t\t<div class=\"elementor-element elementor-element-f0b16da e-con-full e-flex e-con e-child\" data-id=\"f0b16da\" data-element_type=\"container\" data-e-type=\"container\" data-settings=\"{&quot;background_background&quot;:&quot;classic&quot;}\">\n\t\t\t\t<div class=\"elementor-element elementor-element-7b876c6 elementor-widget elementor-widget-heading\" data-id=\"7b876c6\" data-element_type=\"widget\" data-e-type=\"widget\" data-widget_type=\"heading.default\">\n\t\t\t\t<div class=\"elementor-widget-container\">\n\t\t\t\t\t<h2 class=\"elementor-heading-title elementor-size-default\">O\u00f9 nous trouver<\/h2>\t\t\t\t<\/div>\n\t\t\t\t<\/div>\n\t\t\t\t<div class=\"elementor-element elementor-element-beccc8e elementor-widget elementor-widget-text-editor\" data-id=\"beccc8e\" data-element_type=\"widget\" data-e-type=\"widget\" data-widget_type=\"text-editor.default\">\n\t\t\t\t<div class=\"elementor-widget-container\">\n\t\t\t\t\t\t\t\t\tNous vous attendons au <b>Hall 6 \u2013 Stand C8<\/b> : un espace con\u00e7u pour rencontrer architectes, ma\u00eetres d&rsquo;\u0153uvre et promoteurs, et partager de pr\u00e8s <b>l&rsquo;\u00e9volution de l&rsquo;Architectural Terrazzo<\/b>.\t\t\t\t\t\t\t\t<\/div>\n\t\t\t\t<\/div>\n\t\t\t\t<\/div>\n\t\t<div class=\"elementor-element elementor-element-8e0ab37 e-con-full e-flex e-con e-child\" data-id=\"8e0ab37\" data-element_type=\"container\" data-e-type=\"container\" data-settings=\"{&quot;background_background&quot;:&quot;classic&quot;}\">\n\t\t\t\t<div class=\"elementor-element elementor-element-3baf3b7 elementor-widget elementor-widget-heading\" data-id=\"3baf3b7\" data-element_type=\"widget\" data-e-type=\"widget\" data-widget_type=\"heading.default\">\n\t\t\t\t<div class=\"elementor-widget-container\">\n\t\t\t\t\t<h2 class=\"elementor-heading-title elementor-size-default\">Les nouveaut\u00e9s du salon<\/h2>\t\t\t\t<\/div>\n\t\t\t\t<\/div>\n\t\t\t\t<div class=\"elementor-element elementor-element-7876374 elementor-widget elementor-widget-text-editor\" data-id=\"7876374\" data-element_type=\"widget\" data-e-type=\"widget\" data-widget_type=\"text-editor.default\">\n\t\t\t\t<div class=\"elementor-widget-container\">\n\t\t\t\t\t\t\t\t\tMarmomac 2026 est l&rsquo;occasion de d\u00e9couvrir au plus pr\u00e8s les derni\u00e8res recherches chromatiques et mat\u00e9rielles d&rsquo;Agglotech. Sur le stand, vous pourrez toucher et explorer les nouveaux \u00e9chantillons en avant-premi\u00e8re mondiale absolue.\n <br\/>Textures, tons et compositions qui naissent d&rsquo;une<b> recherche continue sur les mat\u00e9riau<\/b>x, entre exp\u00e9rimentation sur les granulom\u00e9tries et attention port\u00e9e aux tendances de la conception contemporaine. Sans r\u00e9sines, avec <i>plus de 6 000 variantes personnalisables<\/i>.  \n\t\t\t\t\t\t\t\t<\/div>\n\t\t\t\t<\/div>\n\t\t\t\t<div class=\"elementor-element elementor-element-7ca93e5 elementor-widget elementor-widget-text-editor\" data-id=\"7ca93e5\" data-element_type=\"widget\" data-e-type=\"widget\" data-widget_type=\"text-editor.default\">\n\t\t\t\t<div class=\"elementor-widget-container\">\n\t\t\t\t\t\t\t\t\tUne invitation ouverte \u00e0 tous ceux qui con\u00e7oivent et cr\u00e9ent : explorer ensemble les possibilit\u00e9s d&rsquo;un <b>mat\u00e9riau qui ne cesse de se renouveler<\/b>.\t\t\t\t\t\t\t\t<\/div>\n\t\t\t\t<\/div>\n\t\t\t\t<div class=\"elementor-element elementor-element-6cd59f6 elementor-widget elementor-widget-text-editor\" data-id=\"6cd59f6\" data-element_type=\"widget\" data-e-type=\"widget\" data-widget_type=\"text-editor.default\">\n\t\t\t\t<div class=\"elementor-widget-container\">\n\t\t\t\t\t\t\t\t\tVenez nous retrouver &#8211; notre \u00e9quipe est \u00e0 votre disposition pour d\u00e9velopper des solutions sur mesure et donner forme \u00e0 vos id\u00e9es de projet.\t\t\t\t\t\t\t\t<\/div>\n\t\t\t\t<\/div>\n\t\t\t\t<div class=\"elementor-element elementor-element-765224d elementor-widget elementor-widget-text-editor\" data-id=\"765224d\" data-element_type=\"widget\" data-e-type=\"widget\" data-widget_type=\"text-editor.default\">\n\t\t\t\t<div class=\"elementor-widget-container\">\n\t\t\t\t\t\t\t\t\tHall 6 \u2013 Stand C8 | Verona Fiere | 22\u201325 septembre 2026\t\t\t\t\t\t\t\t<\/div>\n\t\t\t\t<\/div>\n\t\t\t\t<\/div>\n\t\t\t\t<\/div>\n\t\t\t\t<\/div>\n\t\t","protected":false},"excerpt":{"rendered":"<p>MARMOMAC 2026Terrazzo par Agglotech Agglotech \u00e0 Marmomac 2026 : la mati\u00e8re se renouvelle Nouveaux \u00e9chantillons en avant-premi\u00e8re, et la m\u00eame capacit\u00e9 \u00e0 transformer le terrazzo en langage architectural.Cette ann\u00e9e encore, Agglotech sera pr\u00e9sent \u00e0 Marmomac 2026, le salon international d\u00e9di\u00e9 \u00e0 la pierre naturelle et aux mat\u00e9riaux pour l&rsquo;architecture, qui se tiendra \u00e0 Verona Fiere [&hellip;]<\/p>\n","protected":false},"author":1,"featured_media":47790,"comment_status":"closed","ping_status":"closed","sticky":false,"template":"","format":"standard","meta":{"footnotes":""},"categories":[161],"tags":[],"class_list":["post-47788","post","type-post","status-publish","format-standard","has-post-thumbnail","hentry","category-news"],"aioseo_notices":[],"aioseo_head":"\n\t\t<!-- All in One SEO Pro 5.0.1 - aioseo.com -->\n\t<meta name=\"description\" content=\"Agglotech \u00e0 Marmomac 2026, Hall 6 \u2013 Stand C8, du 22 au 25 septembre. Nouveaux \u00e9chantillons en avant-premi\u00e8re pour architectes et ma\u00eetres d&#039;\u0153uvre.\" \/>\n\t<meta name=\"robots\" content=\"max-image-preview:large\" \/>\n\t<meta name=\"author\" content=\"admin\"\/>\n\t<link rel=\"canonical\" href=\"https:\/\/agglotech.com\/fr\/marmomac-2026\/\" \/>\n\t<meta name=\"generator\" content=\"All in One SEO Pro (AIOSEO) 5.0.1\" \/>\n\t\t<meta property=\"og:locale\" content=\"fr_FR\" \/>\n\t\t<meta property=\"og:site_name\" content=\"Agglotech -\" \/>\n\t\t<meta property=\"og:type\" content=\"article\" \/>\n\t\t<meta property=\"og:title\" content=\"Agglotech \u00e0 Marmomac 2026 | Hall 6 \u2013 Stand C8\" \/>\n\t\t<meta property=\"og:description\" content=\"Agglotech \u00e0 Marmomac 2026, Hall 6 \u2013 Stand C8, du 22 au 25 septembre. Nouveaux \u00e9chantillons en avant-premi\u00e8re pour architectes et ma\u00eetres d&#039;\u0153uvre.\" \/>\n\t\t<meta property=\"og:url\" content=\"https:\/\/agglotech.com\/fr\/marmomac-2026\/\" \/>\n\t\t<meta property=\"og:image\" content=\"https:\/\/agglotech.com\/wp-content\/uploads\/2025\/05\/Agglotech-logo-2025-bianco-1.png\" \/>\n\t\t<meta property=\"og:image:secure_url\" content=\"https:\/\/agglotech.com\/wp-content\/uploads\/2025\/05\/Agglotech-logo-2025-bianco-1.png\" \/>\n\t\t<meta property=\"article:published_time\" content=\"2026-09-01T14:36:55+00:00\" \/>\n\t\t<meta property=\"article:modified_time\" content=\"2026-09-01T15:23:33+00:00\" \/>\n\t\t<meta name=\"twitter:card\" content=\"summary_large_image\" \/>\n\t\t<meta name=\"twitter:title\" content=\"Agglotech \u00e0 Marmomac 2026 | Hall 6 \u2013 Stand C8\" \/>\n\t\t<meta name=\"twitter:description\" content=\"Agglotech \u00e0 Marmomac 2026, Hall 6 \u2013 Stand C8, du 22 au 25 septembre. Nouveaux \u00e9chantillons en avant-premi\u00e8re pour architectes et ma\u00eetres d&#039;\u0153uvre.\" \/>\n\t\t<meta name=\"twitter:image\" content=\"https:\/\/agglotech.com\/wp-content\/uploads\/2025\/05\/Agglotech-logo-2025-bianco-1.png\" \/>\n\t\t<script type=\"application\/ld+json\" class=\"aioseo-schema\">\n\t\t\t{\"@context\":\"https:\\\/\\\/schema.org\",\"@graph\":[{\"@type\":\"BlogPosting\",\"@id\":\"https:\\\/\\\/agglotech.com\\\/fr\\\/marmomac-2026\\\/#blogposting\",\"name\":\"Agglotech \\u00e0 Marmomac 2026 | Hall 6 \\u2013 Stand C8\",\"headline\":\"Marmomac 2026\",\"author\":{\"@id\":\"https:\\\/\\\/agglotech.com\\\/fr\\\/author\\\/awsgrv_gt0rqsr2\\\/#author\"},\"publisher\":{\"@id\":\"https:\\\/\\\/agglotech.com\\\/fr\\\/#organization\"},\"image\":{\"@type\":\"ImageObject\",\"url\":\"https:\\\/\\\/agglotech.com\\\/wp-content\\\/uploads\\\/2026\\\/09\\\/MOD_news-marmomac-scaled.jpg\",\"width\":2183,\"height\":2560},\"datePublished\":\"2026-09-01T14:36:55+00:00\",\"dateModified\":\"2026-09-01T15:23:33+00:00\",\"inLanguage\":\"fr-FR\",\"mainEntityOfPage\":{\"@id\":\"https:\\\/\\\/agglotech.com\\\/fr\\\/marmomac-2026\\\/#webpage\"},\"isPartOf\":{\"@id\":\"https:\\\/\\\/agglotech.com\\\/fr\\\/marmomac-2026\\\/#webpage\"},\"articleSection\":\"NEWS, Opzionale\"},{\"@type\":\"BreadcrumbList\",\"@id\":\"https:\\\/\\\/agglotech.com\\\/fr\\\/marmomac-2026\\\/#breadcrumblist\",\"itemListElement\":[{\"@type\":\"ListItem\",\"@id\":\"https:\\\/\\\/agglotech.com\\\/fr\\\/#listItem\",\"position\":1,\"name\":\"Home\",\"item\":\"https:\\\/\\\/agglotech.com\\\/fr\\\/\",\"nextItem\":{\"@type\":\"ListItem\",\"@id\":\"https:\\\/\\\/agglotech.com\\\/fr\\\/category\\\/news\\\/#listItem\",\"name\":\"NEWS\"}},{\"@type\":\"ListItem\",\"@id\":\"https:\\\/\\\/agglotech.com\\\/fr\\\/category\\\/news\\\/#listItem\",\"position\":2,\"name\":\"NEWS\",\"item\":\"https:\\\/\\\/agglotech.com\\\/fr\\\/category\\\/news\\\/\",\"nextItem\":{\"@type\":\"ListItem\",\"@id\":\"https:\\\/\\\/agglotech.com\\\/fr\\\/marmomac-2026\\\/#listItem\",\"name\":\"Marmomac 2026\"},\"previousItem\":{\"@type\":\"ListItem\",\"@id\":\"https:\\\/\\\/agglotech.com\\\/fr\\\/#listItem\",\"name\":\"Home\"}},{\"@type\":\"ListItem\",\"@id\":\"https:\\\/\\\/agglotech.com\\\/fr\\\/marmomac-2026\\\/#listItem\",\"position\":3,\"name\":\"Marmomac 2026\",\"previousItem\":{\"@type\":\"ListItem\",\"@id\":\"https:\\\/\\\/agglotech.com\\\/fr\\\/category\\\/news\\\/#listItem\",\"name\":\"NEWS\"}}]},{\"@type\":\"Organization\",\"@id\":\"https:\\\/\\\/agglotech.com\\\/fr\\\/#organization\",\"name\":\"Agglotech\",\"url\":\"https:\\\/\\\/agglotech.com\\\/fr\\\/\",\"logo\":{\"@type\":\"ImageObject\",\"url\":\"https:\\\/\\\/agglotech.com\\\/wp-content\\\/uploads\\\/2025\\\/05\\\/Agglotech-logo-2025-bianco-1.png\",\"@id\":\"https:\\\/\\\/agglotech.com\\\/fr\\\/marmomac-2026\\\/#organizationLogo\",\"width\":346,\"height\":86,\"caption\":\"Agglotech logo 2025 bianco 1\"},\"image\":{\"@id\":\"https:\\\/\\\/agglotech.com\\\/fr\\\/marmomac-2026\\\/#organizationLogo\"}},{\"@type\":\"Person\",\"@id\":\"https:\\\/\\\/agglotech.com\\\/fr\\\/author\\\/awsgrv_gt0rqsr2\\\/#author\",\"url\":\"https:\\\/\\\/agglotech.com\\\/fr\\\/author\\\/awsgrv_gt0rqsr2\\\/\",\"name\":\"admin\",\"image\":{\"@type\":\"ImageObject\",\"@id\":\"https:\\\/\\\/agglotech.com\\\/fr\\\/marmomac-2026\\\/#authorImage\",\"url\":\"https:\\\/\\\/secure.gravatar.com\\\/avatar\\\/f24430797c8eb479dc13fd81237fa25a0dae57afc90259e778c9fdafc362b101?s=96&d=mm&r=g\",\"width\":96,\"height\":96,\"caption\":\"admin\"}},{\"@type\":\"WebPage\",\"@id\":\"https:\\\/\\\/agglotech.com\\\/fr\\\/marmomac-2026\\\/#webpage\",\"url\":\"https:\\\/\\\/agglotech.com\\\/fr\\\/marmomac-2026\\\/\",\"name\":\"Agglotech \\u00e0 Marmomac 2026 | Hall 6 \\u2013 Stand C8\",\"description\":\"Agglotech \\u00e0 Marmomac 2026, Hall 6 \\u2013 Stand C8, du 22 au 25 septembre. Nouveaux \\u00e9chantillons en avant-premi\\u00e8re pour architectes et ma\\u00eetres d'\\u0153uvre.\",\"inLanguage\":\"fr-FR\",\"isPartOf\":{\"@id\":\"https:\\\/\\\/agglotech.com\\\/fr\\\/#website\"},\"breadcrumb\":{\"@id\":\"https:\\\/\\\/agglotech.com\\\/fr\\\/marmomac-2026\\\/#breadcrumblist\"},\"author\":{\"@id\":\"https:\\\/\\\/agglotech.com\\\/fr\\\/author\\\/awsgrv_gt0rqsr2\\\/#author\"},\"creator\":{\"@id\":\"https:\\\/\\\/agglotech.com\\\/fr\\\/author\\\/awsgrv_gt0rqsr2\\\/#author\"},\"image\":{\"@type\":\"ImageObject\",\"url\":\"https:\\\/\\\/agglotech.com\\\/wp-content\\\/uploads\\\/2026\\\/09\\\/MOD_news-marmomac-scaled.jpg\",\"@id\":\"https:\\\/\\\/agglotech.com\\\/fr\\\/marmomac-2026\\\/#mainImage\",\"width\":2183,\"height\":2560},\"primaryImageOfPage\":{\"@id\":\"https:\\\/\\\/agglotech.com\\\/fr\\\/marmomac-2026\\\/#mainImage\"},\"datePublished\":\"2026-09-01T14:36:55+00:00\",\"dateModified\":\"2026-09-01T15:23:33+00:00\"},{\"@type\":\"WebSite\",\"@id\":\"https:\\\/\\\/agglotech.com\\\/fr\\\/#website\",\"url\":\"https:\\\/\\\/agglotech.com\\\/fr\\\/\",\"name\":\"Agglotech\",\"inLanguage\":\"fr-FR\",\"publisher\":{\"@id\":\"https:\\\/\\\/agglotech.com\\\/fr\\\/#organization\"}}]}\n\t\t<\/script>\n\t\t<!-- All in One SEO Pro -->\r\n\t\t<title>Agglotech \u00e0 Marmomac 2026 | Hall 6 \u2013 Stand C8<\/title>\n\n","aioseo_head_json":{"title":"Agglotech \u00e0 Marmomac 2026 | Hall 6 \u2013 Stand C8","description":"Agglotech \u00e0 Marmomac 2026, Hall 6 \u2013 Stand C8, du 22 au 25 septembre. Nouveaux \u00e9chantillons en avant-premi\u00e8re pour architectes et ma\u00eetres d'\u0153uvre.","canonical_url":"https:\/\/agglotech.com\/fr\/marmomac-2026\/","robots":"max-image-preview:large","keywords":"","webmasterTools":{"miscellaneous":""},"schema":{"@context":"https:\/\/schema.org","@graph":[{"@type":"BlogPosting","@id":"https:\/\/agglotech.com\/fr\/marmomac-2026\/#blogposting","name":"Agglotech \u00e0 Marmomac 2026 | Hall 6 \u2013 Stand C8","headline":"Marmomac 2026","author":{"@id":"https:\/\/agglotech.com\/fr\/author\/awsgrv_gt0rqsr2\/#author"},"publisher":{"@id":"https:\/\/agglotech.com\/fr\/#organization"},"image":{"@type":"ImageObject","url":"https:\/\/agglotech.com\/wp-content\/uploads\/2026\/09\/MOD_news-marmomac-scaled.jpg","width":2183,"height":2560},"datePublished":"2026-09-01T14:36:55+00:00","dateModified":"2026-09-01T15:23:33+00:00","inLanguage":"fr-FR","mainEntityOfPage":{"@id":"https:\/\/agglotech.com\/fr\/marmomac-2026\/#webpage"},"isPartOf":{"@id":"https:\/\/agglotech.com\/fr\/marmomac-2026\/#webpage"},"articleSection":"NEWS, Opzionale"},{"@type":"BreadcrumbList","@id":"https:\/\/agglotech.com\/fr\/marmomac-2026\/#breadcrumblist","itemListElement":[{"@type":"ListItem","@id":"https:\/\/agglotech.com\/fr\/#listItem","position":1,"name":"Home","item":"https:\/\/agglotech.com\/fr\/","nextItem":{"@type":"ListItem","@id":"https:\/\/agglotech.com\/fr\/category\/news\/#listItem","name":"NEWS"}},{"@type":"ListItem","@id":"https:\/\/agglotech.com\/fr\/category\/news\/#listItem","position":2,"name":"NEWS","item":"https:\/\/agglotech.com\/fr\/category\/news\/","nextItem":{"@type":"ListItem","@id":"https:\/\/agglotech.com\/fr\/marmomac-2026\/#listItem","name":"Marmomac 2026"},"previousItem":{"@type":"ListItem","@id":"https:\/\/agglotech.com\/fr\/#listItem","name":"Home"}},{"@type":"ListItem","@id":"https:\/\/agglotech.com\/fr\/marmomac-2026\/#listItem","position":3,"name":"Marmomac 2026","previousItem":{"@type":"ListItem","@id":"https:\/\/agglotech.com\/fr\/category\/news\/#listItem","name":"NEWS"}}]},{"@type":"Organization","@id":"https:\/\/agglotech.com\/fr\/#organization","name":"Agglotech","url":"https:\/\/agglotech.com\/fr\/","logo":{"@type":"ImageObject","url":"https:\/\/agglotech.com\/wp-content\/uploads\/2025\/05\/Agglotech-logo-2025-bianco-1.png","@id":"https:\/\/agglotech.com\/fr\/marmomac-2026\/#organizationLogo","width":346,"height":86,"caption":"Agglotech logo 2025 bianco 1"},"image":{"@id":"https:\/\/agglotech.com\/fr\/marmomac-2026\/#organizationLogo"}},{"@type":"Person","@id":"https:\/\/agglotech.com\/fr\/author\/awsgrv_gt0rqsr2\/#author","url":"https:\/\/agglotech.com\/fr\/author\/awsgrv_gt0rqsr2\/","name":"admin","image":{"@type":"ImageObject","@id":"https:\/\/agglotech.com\/fr\/marmomac-2026\/#authorImage","url":"https:\/\/secure.gravatar.com\/avatar\/f24430797c8eb479dc13fd81237fa25a0dae57afc90259e778c9fdafc362b101?s=96&d=mm&r=g","width":96,"height":96,"caption":"admin"}},{"@type":"WebPage","@id":"https:\/\/agglotech.com\/fr\/marmomac-2026\/#webpage","url":"https:\/\/agglotech.com\/fr\/marmomac-2026\/","name":"Agglotech \u00e0 Marmomac 2026 | Hall 6 \u2013 Stand C8","description":"Agglotech \u00e0 Marmomac 2026, Hall 6 \u2013 Stand C8, du 22 au 25 septembre. Nouveaux \u00e9chantillons en avant-premi\u00e8re pour architectes et ma\u00eetres d'\u0153uvre.","inLanguage":"fr-FR","isPartOf":{"@id":"https:\/\/agglotech.com\/fr\/#website"},"breadcrumb":{"@id":"https:\/\/agglotech.com\/fr\/marmomac-2026\/#breadcrumblist"},"author":{"@id":"https:\/\/agglotech.com\/fr\/author\/awsgrv_gt0rqsr2\/#author"},"creator":{"@id":"https:\/\/agglotech.com\/fr\/author\/awsgrv_gt0rqsr2\/#author"},"image":{"@type":"ImageObject","url":"https:\/\/agglotech.com\/wp-content\/uploads\/2026\/09\/MOD_news-marmomac-scaled.jpg","@id":"https:\/\/agglotech.com\/fr\/marmomac-2026\/#mainImage","width":2183,"height":2560},"primaryImageOfPage":{"@id":"https:\/\/agglotech.com\/fr\/marmomac-2026\/#mainImage"},"datePublished":"2026-09-01T14:36:55+00:00","dateModified":"2026-09-01T15:23:33+00:00"},{"@type":"WebSite","@id":"https:\/\/agglotech.com\/fr\/#website","url":"https:\/\/agglotech.com\/fr\/","name":"Agglotech","inLanguage":"fr-FR","publisher":{"@id":"https:\/\/agglotech.com\/fr\/#organization"}}]},"og:locale":"fr_FR","og:site_name":"Agglotech -","og:type":"article","og:title":"Agglotech \u00e0 Marmomac 2026 | Hall 6 \u2013 Stand C8","og:description":"Agglotech \u00e0 Marmomac 2026, Hall 6 \u2013 Stand C8, du 22 au 25 septembre. Nouveaux \u00e9chantillons en avant-premi\u00e8re pour architectes et ma\u00eetres d'\u0153uvre.","og:url":"https:\/\/agglotech.com\/fr\/marmomac-2026\/","og:image":"https:\/\/agglotech.com\/wp-content\/uploads\/2025\/05\/Agglotech-logo-2025-bianco-1.png","og:image:secure_url":"https:\/\/agglotech.com\/wp-content\/uploads\/2025\/05\/Agglotech-logo-2025-bianco-1.png","article:published_time":"2026-09-01T14:36:55+00:00","article:modified_time":"2026-09-01T15:23:33+00:00","twitter:card":"summary_large_image","twitter:title":"Agglotech \u00e0 Marmomac 2026 | Hall 6 \u2013 Stand C8","twitter:description":"Agglotech \u00e0 Marmomac 2026, Hall 6 \u2013 Stand C8, du 22 au 25 septembre. Nouveaux \u00e9chantillons en avant-premi\u00e8re pour architectes et ma\u00eetres d'\u0153uvre.","twitter:image":"https:\/\/agglotech.com\/wp-content\/uploads\/2025\/05\/Agglotech-logo-2025-bianco-1.png"},"aioseo_meta_data":{"post_id":"47788","title":"Agglotech \u00e0 Marmomac 2026 | Hall 6 \u2013 Stand C8 ","description":"Agglotech \u00e0 Marmomac 2026, Hall 6 \u2013 Stand C8, du 22 au 25 septembre. Nouveaux \u00e9chantillons en avant-premi\u00e8re pour architectes et ma\u00eetres d'\u0153uvre. ","keywords":null,"keyphrases":{"focus":{"keyphrase":"Fiera","score":0,"analysis":[]},"additional":[{"keyphrase":"Verona Fiere","score":0},{"keyphrase":"Verona","score":0},{"keyphrase":"Marmomac 2026","score":0}]},"primary_term":null,"canonical_url":null,"og_title":null,"og_description":null,"og_object_type":"default","og_image_type":"default","og_image_url":null,"og_image_width":null,"og_image_height":null,"og_image_custom_url":null,"og_image_custom_fields":null,"og_video":"","og_custom_url":null,"og_article_section":null,"og_article_tags":null,"twitter_use_og":false,"twitter_card":"default","twitter_image_type":"default","twitter_image_url":null,"twitter_image_custom_url":null,"twitter_image_custom_fields":null,"twitter_title":null,"twitter_description":null,"schema":{"blockGraphs":[],"customGraphs":[],"default":{"data":{"Article":[],"Course":[],"Dataset":[],"FAQPage":[],"Movie":[],"Person":[],"Product":[],"ProductReview":[],"Car":[],"Recipe":[],"Service":[],"SoftwareApplication":[],"WebPage":[]},"graphName":"BlogPosting","isEnabled":true},"graphs":[]},"schema_type":"default","schema_type_options":null,"pillar_content":false,"robots_default":true,"robots_noindex":false,"robots_noarchive":false,"robots_nosnippet":false,"robots_nofollow":false,"robots_noimageindex":false,"robots_noodp":false,"robots_notranslate":false,"robots_max_snippet":"-1","robots_max_videopreview":"-1","robots_max_imagepreview":"large","priority":null,"frequency":"default","local_seo":null,"seo_analyzer_scan_date":"2026-09-01 15:05:26","breadcrumb_settings":null,"limit_modified_date":false,"open_ai":null,"ai":{"faqs":[],"keyPoints":[],"schemas":[],"titles":[],"descriptions":[],"socialPosts":{"email":{"subject":"","preview":"","content":""},"linkedin":[],"twitter":[],"facebook":[],"instagram":[]}},"created":"2026-09-01 15:23:32","updated":"2026-09-01 16:25:56","focus_keyword":"Fiera","additional_keywords":[{"word":"Verona Fiere","score":89,"items":{"introductionKeyword":{"score":9},"keyphraseLength":{"score":9},"keyphraseDensity":{"score":9},"functionWordsInKeyphrase":{"score":9},"textCompetingLinks":{"score":9},"imageKeyphrase":{"score":3}}},{"word":"Verona","score":89,"items":{"introductionKeyword":{"score":9},"keyphraseLength":{"score":9},"keyphraseDensity":{"score":9},"functionWordsInKeyphrase":{"score":9},"textCompetingLinks":{"score":9},"imageKeyphrase":{"score":3}}},{"word":"Marmomac 2026","score":89,"items":{"introductionKeyword":{"score":9},"keyphraseLength":{"score":9},"keyphraseDensity":{"score":9},"functionWordsInKeyphrase":{"score":9},"textCompetingLinks":{"score":9},"imageKeyphrase":{"score":3}}}],"truseo_locale":null},"aioseo_breadcrumb":"<div class=\"aioseo-breadcrumbs\"><span class=\"aioseo-breadcrumb\">\n\t<a href=\"https:\/\/agglotech.com\/fr\/\" title=\"Home\">Home<\/a>\n<\/span><span class=\"aioseo-breadcrumb-separator\">&raquo;<\/span><span class=\"aioseo-breadcrumb\">\n\t<a href=\"https:\/\/agglotech.com\/fr\/category\/news\/\" title=\"NEWS\">NEWS<\/a>\n<\/span><span class=\"aioseo-breadcrumb-separator\">&raquo;<\/span><span class=\"aioseo-breadcrumb\">\n\tMarmomac 2026\n<\/span><\/div>","aioseo_breadcrumb_json":[{"label":"Home","link":"https:\/\/agglotech.com\/fr\/"},{"label":"NEWS","link":"https:\/\/agglotech.com\/fr\/category\/news\/"},{"label":"Marmomac 2026","link":"https:\/\/agglotech.com\/fr\/marmomac-2026\/"}],"_links":{"self":[{"href":"https:\/\/agglotech.com\/fr\/wp-json\/wp\/v2\/posts\/47788","targetHints":{"allow":["GET"]}}],"collection":[{"href":"https:\/\/agglotech.com\/fr\/wp-json\/wp\/v2\/posts"}],"about":[{"href":"https:\/\/agglotech.com\/fr\/wp-json\/wp\/v2\/types\/post"}],"author":[{"embeddable":true,"href":"https:\/\/agglotech.com\/fr\/wp-json\/wp\/v2\/users\/1"}],"replies":[{"embeddable":true,"href":"https:\/\/agglotech.com\/fr\/wp-json\/wp\/v2\/comments?post=47788"}],"version-history":[{"count":1,"href":"https:\/\/agglotech.com\/fr\/wp-json\/wp\/v2\/posts\/47788\/revisions"}],"predecessor-version":[{"id":47791,"href":"https:\/\/agglotech.com\/fr\/wp-json\/wp\/v2\/posts\/47788\/revisions\/47791"}],"wp:featuredmedia":[{"embeddable":true,"href":"https:\/\/agglotech.com\/fr\/wp-json\/wp\/v2\/media\/47790"}],"wp:attachment":[{"href":"https:\/\/agglotech.com\/fr\/wp-json\/wp\/v2\/media?parent=47788"}],"wp:term":[{"taxonomy":"category","embeddable":true,"href":"https:\/\/agglotech.com\/fr\/wp-json\/wp\/v2\/categories?post=47788"},{"taxonomy":"post_tag","embeddable":true,"href":"https:\/\/agglotech.com\/fr\/wp-json\/wp\/v2\/tags?post=47788"}],"curies":[{"name":"wp","href":"https:\/\/api.w.org\/{rel}","templated":true}]}}