{"id":47743,"date":"2026-09-01T13:33:54","date_gmt":"2026-09-01T13:33:54","guid":{"rendered":"https:\/\/agglotech.com\/indx-global-paris-2026\/"},"modified":"2026-09-01T14:27:52","modified_gmt":"2026-09-01T14:27:52","slug":"indx-global-paris-2026","status":"publish","type":"post","link":"https:\/\/agglotech.com\/fr\/indx-global-paris-2026\/","title":{"rendered":"INDX Global Paris 2026"},"content":{"rendered":"\t\t<div data-elementor-type=\"wp-post\" data-elementor-id=\"47743\" class=\"elementor elementor-47743 elementor-47727\" data-elementor-post-type=\"post\">\n\t\t\t\t<div class=\"elementor-element elementor-element-deedcc6 e-con-full e-flex e-con e-parent\" data-id=\"deedcc6\" data-element_type=\"container\" data-e-type=\"container\" data-settings=\"{&quot;background_background&quot;:&quot;classic&quot;}\">\n\t\t<div class=\"elementor-element elementor-element-5c29b2b e-con-full e-flex e-con e-child\" data-id=\"5c29b2b\" data-element_type=\"container\" data-e-type=\"container\" data-settings=\"{&quot;background_background&quot;:&quot;classic&quot;}\">\n\t\t\t\t<div class=\"elementor-element elementor-element-b643d9a animated-slow elementor-invisible elementor-widget elementor-widget-heading\" data-id=\"b643d9a\" data-element_type=\"widget\" data-e-type=\"widget\" data-settings=\"{&quot;_animation&quot;:&quot;fadeInDown&quot;}\" data-widget_type=\"heading.default\">\n\t\t\t\t<div class=\"elementor-widget-container\">\n\t\t\t\t\t<h1 class=\"elementor-heading-title elementor-size-default\">INDX GLOBAL PARIS 2026<br \/><span style=\"font-size: 20px;font-style: italic\">Terrazzo par Agglotech<\/span><\/h1>\t\t\t\t<\/div>\n\t\t\t\t<\/div>\n\t\t\t\t<\/div>\n\t\t\t\t<\/div>\n\t\t<div class=\"elementor-element elementor-element-4a71c3e e-con-full e-flex e-con e-child\" data-id=\"4a71c3e\" data-element_type=\"container\" data-e-type=\"container\" data-settings=\"{&quot;background_background&quot;:&quot;classic&quot;}\">\n\t\t<div class=\"elementor-element elementor-element-c9087ec e-con-full e-flex e-con e-child\" data-id=\"c9087ec\" data-element_type=\"container\" data-e-type=\"container\" data-settings=\"{&quot;background_background&quot;:&quot;classic&quot;}\">\n\t\t\t\t<div class=\"elementor-element elementor-element-8afd0b6 elementor-widget elementor-widget-heading\" data-id=\"8afd0b6\" data-element_type=\"widget\" data-e-type=\"widget\" data-widget_type=\"heading.default\">\n\t\t\t\t<div class=\"elementor-widget-container\">\n\t\t\t\t\t<h1 class=\"elementor-heading-title elementor-size-default\">Agglotech \u00e0 INDX|Global Paris Edition 2026 : trois jours d'architecture, de design et de culture<\/h1>\t\t\t\t<\/div>\n\t\t\t\t<\/div>\n\t\t\t\t<div class=\"elementor-element elementor-element-69384e3 elementor-widget elementor-widget-text-editor\" data-id=\"69384e3\" data-element_type=\"widget\" data-e-type=\"widget\" data-widget_type=\"text-editor.default\">\n\t\t\t\t<div class=\"elementor-widget-container\">\n\t\t\t\t\t\t\t\t\t<b>Les 10, 11 et 12 septembre 2026<\/b>, Agglotech sera Proud Partner d&rsquo;<i>INDX|Global Paris Edition<\/i>, la plateforme culturelle internationale qui ancre l&rsquo;architecture et le design dans les grandes conversations sur l&rsquo;avenir des espaces, des villes et des communaut\u00e9s qui les habitent.\t\t\t\t\t\t\t\t<\/div>\n\t\t\t\t<\/div>\n\t\t\t\t<div class=\"elementor-element elementor-element-8a251d0 elementor-widget elementor-widget-text-editor\" data-id=\"8a251d0\" data-element_type=\"widget\" data-e-type=\"widget\" data-widget_type=\"text-editor.default\">\n\t\t\t\t<div class=\"elementor-widget-container\">\n\t\t\t\t\t\t\t\t\tINDX|Global est n\u00e9 d&rsquo;une conviction simple : <b>l&rsquo;architecture a besoin de conversation<\/b>, pas seulement d&rsquo;exposition. Chaque \u00e9dition est un lieu de pens\u00e9e partag\u00e9e, un espace o\u00f9 architectes, designers, \u00e9diteurs, institutions et entreprises s&rsquo;engagent dans le m\u00eame dialogue avec s\u00e9rieux et port\u00e9e mondiale.\nL&rsquo;\u00e9dition parisienne, soutenue par <i>ArchDaily et Designboom<\/i>, s&rsquo;inscrit dans cette d\u00e9marche avec trois jours d&rsquo;\u00e9changes entre des <b>voix de la sc\u00e8ne architecturale et du design international<\/b>. \t\t\t\t\t\t\t\t<\/div>\n\t\t\t\t<\/div>\n\t\t\t\t<\/div>\n\t\t<div class=\"elementor-element elementor-element-01cac40 e-con-full e-flex e-con e-child\" data-id=\"01cac40\" data-element_type=\"container\" data-e-type=\"container\" data-settings=\"{&quot;background_background&quot;:&quot;classic&quot;}\">\n\t\t\t\t<div class=\"elementor-element elementor-element-f972378 elementor-widget elementor-widget-heading\" data-id=\"f972378\" data-element_type=\"widget\" data-e-type=\"widget\" data-widget_type=\"heading.default\">\n\t\t\t\t<div class=\"elementor-widget-container\">\n\t\t\t\t\t<h2 class=\"elementor-heading-title elementor-size-default\">Une pr\u00e9sence au c\u0153ur du d\u00e9bat architectural mondial<\/h2>\t\t\t\t<\/div>\n\t\t\t\t<\/div>\n\t\t\t\t<div class=\"elementor-element elementor-element-f6a7fd5 elementor-widget elementor-widget-text-editor\" data-id=\"f6a7fd5\" data-element_type=\"widget\" data-e-type=\"widget\" data-widget_type=\"text-editor.default\">\n\t\t\t\t<div class=\"elementor-widget-container\">\n\t\t\t\t\t\t\t\t\tAgglotech participera \u00e0 INDX|Global Paris Edition 2026 en tant que Proud Partner, aux c\u00f4t\u00e9s d&rsquo;AMICI et de Marmo Solutions. Une pr\u00e9sence qui inscrit l&rsquo;<b>Architectural Terrazzo au sein d&rsquo;un dialogue culturel<\/b> : celui qui se noue entre les mat\u00e9riaux, les id\u00e9es de conception et les forces plus larges qui red\u00e9finissent notre fa\u00e7on d&rsquo;habiter les espaces. \t\t\t\t\t\t\t\t<\/div>\n\t\t\t\t<\/div>\n\t\t\t\t<\/div>\n\t\t<div class=\"elementor-element elementor-element-a18e9c2 e-con-full e-flex e-con e-child\" data-id=\"a18e9c2\" data-element_type=\"container\" data-e-type=\"container\" data-settings=\"{&quot;background_background&quot;:&quot;classic&quot;}\">\n\t\t\t\t<div class=\"elementor-element elementor-element-aa0df83 elementor-widget elementor-widget-heading\" data-id=\"aa0df83\" data-element_type=\"widget\" data-e-type=\"widget\" data-widget_type=\"heading.default\">\n\t\t\t\t<div class=\"elementor-widget-container\">\n\t\t\t\t\t<h2 class=\"elementor-heading-title elementor-size-default\">L'Architectural Terrazzo d'Agglotech pour le projet international<\/h2>\t\t\t\t<\/div>\n\t\t\t\t<\/div>\n\t\t\t\t<div class=\"elementor-element elementor-element-1fa35fd elementor-widget elementor-widget-text-editor\" data-id=\"1fa35fd\" data-element_type=\"widget\" data-e-type=\"widget\" data-widget_type=\"text-editor.default\">\n\t\t\t\t<div class=\"elementor-widget-container\">\n\t\t\t\t\t\t\t\t\tDu sol au rev\u00eatement mural, de la fa\u00e7ade \u00e0 l&rsquo;\u00e9l\u00e9ment de mobilier : l&rsquo;Architectural Terrazzo d&rsquo;Agglotech est un <i>syst\u00e8me compositif<\/i> qui maintient coh\u00e9rence formelle et qualit\u00e9 de surface \u00e0 travers des usages vari\u00e9s et des \u00e9chelles diff\u00e9rentes.\t\t\t\t\t\t\t\t<\/div>\n\t\t\t\t<\/div>\n\t\t\t\t<div class=\"elementor-element elementor-element-990027d elementor-widget elementor-widget-text-editor\" data-id=\"990027d\" data-element_type=\"widget\" data-e-type=\"widget\" data-widget_type=\"text-editor.default\">\n\t\t\t\t<div class=\"elementor-widget-container\">\n\t\t\t\t\t\t\t\t\tParis est la ville juste pour ce mat\u00e9riau : <i>un contexte o\u00f9 esth\u00e9tique, culture et qualit\u00e9 constructive coexistent depuis toujours<\/i> et o\u00f9 le projet se mesure \u00e0 des exigences \u00e9lev\u00e9es. C&rsquo;est ici qu&rsquo;Agglotech pr\u00e9sente son Architectural Terrazzo avec la m\u00eame intention qu&rsquo;il apporte \u00e0 chaque projet :<b> comme une mati\u00e8re qui a quelque chose \u00e0 dire<\/b>. \t\t\t\t\t\t\t\t<\/div>\n\t\t\t\t<\/div>\n\t\t\t\t<div class=\"elementor-element elementor-element-5c87133 elementor-widget elementor-widget-text-editor\" data-id=\"5c87133\" data-element_type=\"widget\" data-e-type=\"widget\" data-widget_type=\"text-editor.default\">\n\t\t\t\t<div class=\"elementor-widget-container\">\n\t\t\t\t\t\t\t\t\tVisitez la page d\u00e9di\u00e9e sur <a style=\"text-decoration: underline;\" href=\"https:\/\/indxglobal.vision\/paris\/\" rel=\"noopener\" target=\"_blank\">INDX|Global Paris 2026<\/a> pour rester inform\u00e9 de l&rsquo;\u00e9v\u00e9nement.\t\t\t\t\t\t\t\t<\/div>\n\t\t\t\t<\/div>\n\t\t\t\t<\/div>\n\t\t\t\t<\/div>\n\t\t\t\t<\/div>\n\t\t","protected":false},"excerpt":{"rendered":"<p>INDX GLOBAL PARIS 2026Terrazzo par Agglotech Agglotech \u00e0 INDX|Global Paris Edition 2026 : trois jours d&rsquo;architecture, de design et de culture Les 10, 11 et 12 septembre 2026, Agglotech sera Proud Partner d&rsquo;INDX|Global Paris Edition, la plateforme culturelle internationale qui ancre l&rsquo;architecture et le design dans les grandes conversations sur l&rsquo;avenir des espaces, des villes [&hellip;]<\/p>\n","protected":false},"author":1,"featured_media":47744,"comment_status":"closed","ping_status":"closed","sticky":false,"template":"","format":"standard","meta":{"footnotes":""},"categories":[968,235],"tags":[],"class_list":["post-47743","post","type-post","status-publish","format-standard","has-post-thumbnail","hentry","category-news","category-non-categorise"],"aioseo_notices":[],"aioseo_head":"\n\t\t<!-- All in One SEO Pro 5.0.1 - aioseo.com -->\n\t<meta name=\"description\" content=\"Agglotech est Proud Partner d&#039;INDX|Global Paris Edition 2026. Trois jours d&#039;architecture, de design et de culture internationale. 10\u201312 septembre 2026.\" \/>\n\t<meta name=\"robots\" content=\"max-image-preview:large\" \/>\n\t<meta name=\"author\" content=\"admin\"\/>\n\t<link rel=\"canonical\" href=\"https:\/\/agglotech.com\/fr\/indx-global-paris-2026\/\" \/>\n\t<meta name=\"generator\" content=\"All in One SEO Pro (AIOSEO) 5.0.1\" \/>\n\t\t<meta property=\"og:locale\" content=\"fr_FR\" \/>\n\t\t<meta property=\"og:site_name\" content=\"Agglotech -\" \/>\n\t\t<meta property=\"og:type\" content=\"article\" \/>\n\t\t<meta property=\"og:title\" content=\"Agglotech \u00e0 INDX|Global Paris 2026\" \/>\n\t\t<meta property=\"og:description\" content=\"Agglotech est Proud Partner d&#039;INDX|Global Paris Edition 2026. Trois jours d&#039;architecture, de design et de culture internationale. 10\u201312 septembre 2026.\" \/>\n\t\t<meta property=\"og:url\" content=\"https:\/\/agglotech.com\/fr\/indx-global-paris-2026\/\" \/>\n\t\t<meta property=\"og:image\" content=\"https:\/\/agglotech.com\/wp-content\/uploads\/2025\/05\/Agglotech-logo-2025-bianco-1.png\" \/>\n\t\t<meta property=\"og:image:secure_url\" content=\"https:\/\/agglotech.com\/wp-content\/uploads\/2025\/05\/Agglotech-logo-2025-bianco-1.png\" \/>\n\t\t<meta property=\"article:published_time\" content=\"2026-09-01T13:33:54+00:00\" \/>\n\t\t<meta property=\"article:modified_time\" content=\"2026-09-01T14:27:52+00:00\" \/>\n\t\t<meta name=\"twitter:card\" content=\"summary_large_image\" \/>\n\t\t<meta name=\"twitter:title\" content=\"Agglotech \u00e0 INDX|Global Paris 2026\" \/>\n\t\t<meta name=\"twitter:description\" content=\"Agglotech est Proud Partner d&#039;INDX|Global Paris Edition 2026. Trois jours d&#039;architecture, de design et de culture internationale. 10\u201312 septembre 2026.\" \/>\n\t\t<meta name=\"twitter:image\" content=\"https:\/\/agglotech.com\/wp-content\/uploads\/2025\/05\/Agglotech-logo-2025-bianco-1.png\" \/>\n\t\t<script type=\"application\/ld+json\" class=\"aioseo-schema\">\n\t\t\t{\"@context\":\"https:\\\/\\\/schema.org\",\"@graph\":[{\"@type\":\"BlogPosting\",\"@id\":\"https:\\\/\\\/agglotech.com\\\/fr\\\/indx-global-paris-2026\\\/#blogposting\",\"name\":\"Agglotech \\u00e0 INDX|Global Paris 2026\",\"headline\":\"INDX Global Paris 2026\",\"author\":{\"@id\":\"https:\\\/\\\/agglotech.com\\\/fr\\\/author\\\/awsgrv_gt0rqsr2\\\/#author\"},\"publisher\":{\"@id\":\"https:\\\/\\\/agglotech.com\\\/fr\\\/#organization\"},\"image\":{\"@type\":\"ImageObject\",\"url\":\"https:\\\/\\\/agglotech.com\\\/wp-content\\\/uploads\\\/2026\\\/09\\\/news-paris-scaled.jpg\",\"width\":2183,\"height\":2560},\"datePublished\":\"2026-09-01T13:33:54+00:00\",\"dateModified\":\"2026-09-01T14:27:52+00:00\",\"inLanguage\":\"fr-FR\",\"mainEntityOfPage\":{\"@id\":\"https:\\\/\\\/agglotech.com\\\/fr\\\/indx-global-paris-2026\\\/#webpage\"},\"isPartOf\":{\"@id\":\"https:\\\/\\\/agglotech.com\\\/fr\\\/indx-global-paris-2026\\\/#webpage\"},\"articleSection\":\"NEWS, Non cat\\u00e9goris\\u00e9, Opzionale\"},{\"@type\":\"BreadcrumbList\",\"@id\":\"https:\\\/\\\/agglotech.com\\\/fr\\\/indx-global-paris-2026\\\/#breadcrumblist\",\"itemListElement\":[{\"@type\":\"ListItem\",\"@id\":\"https:\\\/\\\/agglotech.com\\\/fr\\\/#listItem\",\"position\":1,\"name\":\"Home\",\"item\":\"https:\\\/\\\/agglotech.com\\\/fr\\\/\",\"nextItem\":{\"@type\":\"ListItem\",\"@id\":\"https:\\\/\\\/agglotech.com\\\/fr\\\/category\\\/news\\\/#listItem\",\"name\":\"NEWS\"}},{\"@type\":\"ListItem\",\"@id\":\"https:\\\/\\\/agglotech.com\\\/fr\\\/category\\\/news\\\/#listItem\",\"position\":2,\"name\":\"NEWS\",\"item\":\"https:\\\/\\\/agglotech.com\\\/fr\\\/category\\\/news\\\/\",\"nextItem\":{\"@type\":\"ListItem\",\"@id\":\"https:\\\/\\\/agglotech.com\\\/fr\\\/indx-global-paris-2026\\\/#listItem\",\"name\":\"INDX Global Paris 2026\"},\"previousItem\":{\"@type\":\"ListItem\",\"@id\":\"https:\\\/\\\/agglotech.com\\\/fr\\\/#listItem\",\"name\":\"Home\"}},{\"@type\":\"ListItem\",\"@id\":\"https:\\\/\\\/agglotech.com\\\/fr\\\/indx-global-paris-2026\\\/#listItem\",\"position\":3,\"name\":\"INDX Global Paris 2026\",\"previousItem\":{\"@type\":\"ListItem\",\"@id\":\"https:\\\/\\\/agglotech.com\\\/fr\\\/category\\\/news\\\/#listItem\",\"name\":\"NEWS\"}}]},{\"@type\":\"Organization\",\"@id\":\"https:\\\/\\\/agglotech.com\\\/fr\\\/#organization\",\"name\":\"Agglotech\",\"url\":\"https:\\\/\\\/agglotech.com\\\/fr\\\/\",\"logo\":{\"@type\":\"ImageObject\",\"url\":\"https:\\\/\\\/agglotech.com\\\/wp-content\\\/uploads\\\/2025\\\/05\\\/Agglotech-logo-2025-bianco-1.png\",\"@id\":\"https:\\\/\\\/agglotech.com\\\/fr\\\/indx-global-paris-2026\\\/#organizationLogo\",\"width\":346,\"height\":86,\"caption\":\"Agglotech logo 2025 bianco 1\"},\"image\":{\"@id\":\"https:\\\/\\\/agglotech.com\\\/fr\\\/indx-global-paris-2026\\\/#organizationLogo\"}},{\"@type\":\"Person\",\"@id\":\"https:\\\/\\\/agglotech.com\\\/fr\\\/author\\\/awsgrv_gt0rqsr2\\\/#author\",\"url\":\"https:\\\/\\\/agglotech.com\\\/fr\\\/author\\\/awsgrv_gt0rqsr2\\\/\",\"name\":\"admin\",\"image\":{\"@type\":\"ImageObject\",\"@id\":\"https:\\\/\\\/agglotech.com\\\/fr\\\/indx-global-paris-2026\\\/#authorImage\",\"url\":\"https:\\\/\\\/secure.gravatar.com\\\/avatar\\\/f24430797c8eb479dc13fd81237fa25a0dae57afc90259e778c9fdafc362b101?s=96&d=mm&r=g\",\"width\":96,\"height\":96,\"caption\":\"admin\"}},{\"@type\":\"WebPage\",\"@id\":\"https:\\\/\\\/agglotech.com\\\/fr\\\/indx-global-paris-2026\\\/#webpage\",\"url\":\"https:\\\/\\\/agglotech.com\\\/fr\\\/indx-global-paris-2026\\\/\",\"name\":\"Agglotech \\u00e0 INDX|Global Paris 2026\",\"description\":\"Agglotech est Proud Partner d'INDX|Global Paris Edition 2026. Trois jours d'architecture, de design et de culture internationale. 10\\u201312 septembre 2026.\",\"inLanguage\":\"fr-FR\",\"isPartOf\":{\"@id\":\"https:\\\/\\\/agglotech.com\\\/fr\\\/#website\"},\"breadcrumb\":{\"@id\":\"https:\\\/\\\/agglotech.com\\\/fr\\\/indx-global-paris-2026\\\/#breadcrumblist\"},\"author\":{\"@id\":\"https:\\\/\\\/agglotech.com\\\/fr\\\/author\\\/awsgrv_gt0rqsr2\\\/#author\"},\"creator\":{\"@id\":\"https:\\\/\\\/agglotech.com\\\/fr\\\/author\\\/awsgrv_gt0rqsr2\\\/#author\"},\"image\":{\"@type\":\"ImageObject\",\"url\":\"https:\\\/\\\/agglotech.com\\\/wp-content\\\/uploads\\\/2026\\\/09\\\/news-paris-scaled.jpg\",\"@id\":\"https:\\\/\\\/agglotech.com\\\/fr\\\/indx-global-paris-2026\\\/#mainImage\",\"width\":2183,\"height\":2560},\"primaryImageOfPage\":{\"@id\":\"https:\\\/\\\/agglotech.com\\\/fr\\\/indx-global-paris-2026\\\/#mainImage\"},\"datePublished\":\"2026-09-01T13:33:54+00:00\",\"dateModified\":\"2026-09-01T14:27:52+00:00\"},{\"@type\":\"WebSite\",\"@id\":\"https:\\\/\\\/agglotech.com\\\/fr\\\/#website\",\"url\":\"https:\\\/\\\/agglotech.com\\\/fr\\\/\",\"name\":\"Agglotech\",\"inLanguage\":\"fr-FR\",\"publisher\":{\"@id\":\"https:\\\/\\\/agglotech.com\\\/fr\\\/#organization\"}}]}\n\t\t<\/script>\n\t\t<!-- All in One SEO Pro -->\r\n\t\t<title>Agglotech \u00e0 INDX|Global Paris 2026<\/title>\n\n","aioseo_head_json":{"title":"Agglotech \u00e0 INDX|Global Paris 2026","description":"Agglotech est Proud Partner d'INDX|Global Paris Edition 2026. Trois jours d'architecture, de design et de culture internationale. 10\u201312 septembre 2026.","canonical_url":"https:\/\/agglotech.com\/fr\/indx-global-paris-2026\/","robots":"max-image-preview:large","keywords":"","webmasterTools":{"miscellaneous":""},"schema":{"@context":"https:\/\/schema.org","@graph":[{"@type":"BlogPosting","@id":"https:\/\/agglotech.com\/fr\/indx-global-paris-2026\/#blogposting","name":"Agglotech \u00e0 INDX|Global Paris 2026","headline":"INDX Global Paris 2026","author":{"@id":"https:\/\/agglotech.com\/fr\/author\/awsgrv_gt0rqsr2\/#author"},"publisher":{"@id":"https:\/\/agglotech.com\/fr\/#organization"},"image":{"@type":"ImageObject","url":"https:\/\/agglotech.com\/wp-content\/uploads\/2026\/09\/news-paris-scaled.jpg","width":2183,"height":2560},"datePublished":"2026-09-01T13:33:54+00:00","dateModified":"2026-09-01T14:27:52+00:00","inLanguage":"fr-FR","mainEntityOfPage":{"@id":"https:\/\/agglotech.com\/fr\/indx-global-paris-2026\/#webpage"},"isPartOf":{"@id":"https:\/\/agglotech.com\/fr\/indx-global-paris-2026\/#webpage"},"articleSection":"NEWS, Non cat\u00e9goris\u00e9, Opzionale"},{"@type":"BreadcrumbList","@id":"https:\/\/agglotech.com\/fr\/indx-global-paris-2026\/#breadcrumblist","itemListElement":[{"@type":"ListItem","@id":"https:\/\/agglotech.com\/fr\/#listItem","position":1,"name":"Home","item":"https:\/\/agglotech.com\/fr\/","nextItem":{"@type":"ListItem","@id":"https:\/\/agglotech.com\/fr\/category\/news\/#listItem","name":"NEWS"}},{"@type":"ListItem","@id":"https:\/\/agglotech.com\/fr\/category\/news\/#listItem","position":2,"name":"NEWS","item":"https:\/\/agglotech.com\/fr\/category\/news\/","nextItem":{"@type":"ListItem","@id":"https:\/\/agglotech.com\/fr\/indx-global-paris-2026\/#listItem","name":"INDX Global Paris 2026"},"previousItem":{"@type":"ListItem","@id":"https:\/\/agglotech.com\/fr\/#listItem","name":"Home"}},{"@type":"ListItem","@id":"https:\/\/agglotech.com\/fr\/indx-global-paris-2026\/#listItem","position":3,"name":"INDX Global Paris 2026","previousItem":{"@type":"ListItem","@id":"https:\/\/agglotech.com\/fr\/category\/news\/#listItem","name":"NEWS"}}]},{"@type":"Organization","@id":"https:\/\/agglotech.com\/fr\/#organization","name":"Agglotech","url":"https:\/\/agglotech.com\/fr\/","logo":{"@type":"ImageObject","url":"https:\/\/agglotech.com\/wp-content\/uploads\/2025\/05\/Agglotech-logo-2025-bianco-1.png","@id":"https:\/\/agglotech.com\/fr\/indx-global-paris-2026\/#organizationLogo","width":346,"height":86,"caption":"Agglotech logo 2025 bianco 1"},"image":{"@id":"https:\/\/agglotech.com\/fr\/indx-global-paris-2026\/#organizationLogo"}},{"@type":"Person","@id":"https:\/\/agglotech.com\/fr\/author\/awsgrv_gt0rqsr2\/#author","url":"https:\/\/agglotech.com\/fr\/author\/awsgrv_gt0rqsr2\/","name":"admin","image":{"@type":"ImageObject","@id":"https:\/\/agglotech.com\/fr\/indx-global-paris-2026\/#authorImage","url":"https:\/\/secure.gravatar.com\/avatar\/f24430797c8eb479dc13fd81237fa25a0dae57afc90259e778c9fdafc362b101?s=96&d=mm&r=g","width":96,"height":96,"caption":"admin"}},{"@type":"WebPage","@id":"https:\/\/agglotech.com\/fr\/indx-global-paris-2026\/#webpage","url":"https:\/\/agglotech.com\/fr\/indx-global-paris-2026\/","name":"Agglotech \u00e0 INDX|Global Paris 2026","description":"Agglotech est Proud Partner d'INDX|Global Paris Edition 2026. Trois jours d'architecture, de design et de culture internationale. 10\u201312 septembre 2026.","inLanguage":"fr-FR","isPartOf":{"@id":"https:\/\/agglotech.com\/fr\/#website"},"breadcrumb":{"@id":"https:\/\/agglotech.com\/fr\/indx-global-paris-2026\/#breadcrumblist"},"author":{"@id":"https:\/\/agglotech.com\/fr\/author\/awsgrv_gt0rqsr2\/#author"},"creator":{"@id":"https:\/\/agglotech.com\/fr\/author\/awsgrv_gt0rqsr2\/#author"},"image":{"@type":"ImageObject","url":"https:\/\/agglotech.com\/wp-content\/uploads\/2026\/09\/news-paris-scaled.jpg","@id":"https:\/\/agglotech.com\/fr\/indx-global-paris-2026\/#mainImage","width":2183,"height":2560},"primaryImageOfPage":{"@id":"https:\/\/agglotech.com\/fr\/indx-global-paris-2026\/#mainImage"},"datePublished":"2026-09-01T13:33:54+00:00","dateModified":"2026-09-01T14:27:52+00:00"},{"@type":"WebSite","@id":"https:\/\/agglotech.com\/fr\/#website","url":"https:\/\/agglotech.com\/fr\/","name":"Agglotech","inLanguage":"fr-FR","publisher":{"@id":"https:\/\/agglotech.com\/fr\/#organization"}}]},"og:locale":"fr_FR","og:site_name":"Agglotech -","og:type":"article","og:title":"Agglotech \u00e0 INDX|Global Paris 2026","og:description":"Agglotech est Proud Partner d'INDX|Global Paris Edition 2026. Trois jours d'architecture, de design et de culture internationale. 10\u201312 septembre 2026.","og:url":"https:\/\/agglotech.com\/fr\/indx-global-paris-2026\/","og:image":"https:\/\/agglotech.com\/wp-content\/uploads\/2025\/05\/Agglotech-logo-2025-bianco-1.png","og:image:secure_url":"https:\/\/agglotech.com\/wp-content\/uploads\/2025\/05\/Agglotech-logo-2025-bianco-1.png","article:published_time":"2026-09-01T13:33:54+00:00","article:modified_time":"2026-09-01T14:27:52+00:00","twitter:card":"summary_large_image","twitter:title":"Agglotech \u00e0 INDX|Global Paris 2026","twitter:description":"Agglotech est Proud Partner d'INDX|Global Paris Edition 2026. Trois jours d'architecture, de design et de culture internationale. 10\u201312 septembre 2026.","twitter:image":"https:\/\/agglotech.com\/wp-content\/uploads\/2025\/05\/Agglotech-logo-2025-bianco-1.png"},"aioseo_meta_data":{"post_id":"47743","title":"Agglotech \u00e0 INDX|Global Paris 2026","description":"Agglotech est Proud Partner d'INDX|Global Paris Edition 2026. Trois jours d'architecture, de design et de culture internationale. 10\u201312 septembre 2026.  ","keywords":null,"keyphrases":{"focus":{"keyphrase":"INDX Global Paris 2026","score":0,"analysis":[]},"additional":[{"keyphrase":"Parigi","score":0},{"keyphrase":"Fiera parigi","score":0},{"keyphrase":"INDX Global","score":0}]},"primary_term":null,"canonical_url":null,"og_title":null,"og_description":null,"og_object_type":"default","og_image_type":"default","og_image_url":null,"og_image_width":null,"og_image_height":null,"og_image_custom_url":null,"og_image_custom_fields":null,"og_video":"","og_custom_url":null,"og_article_section":null,"og_article_tags":null,"twitter_use_og":false,"twitter_card":"default","twitter_image_type":"default","twitter_image_url":null,"twitter_image_custom_url":null,"twitter_image_custom_fields":null,"twitter_title":null,"twitter_description":null,"schema":{"blockGraphs":[],"customGraphs":[],"default":{"data":{"Article":[],"Course":[],"Dataset":[],"FAQPage":[],"Movie":[],"Person":[],"Product":[],"ProductReview":[],"Car":[],"Recipe":[],"Service":[],"SoftwareApplication":[],"WebPage":[]},"graphName":"BlogPosting","isEnabled":true},"graphs":[]},"schema_type":"default","schema_type_options":null,"pillar_content":false,"robots_default":true,"robots_noindex":false,"robots_noarchive":false,"robots_nosnippet":false,"robots_nofollow":false,"robots_noimageindex":false,"robots_noodp":false,"robots_notranslate":false,"robots_max_snippet":"-1","robots_max_videopreview":"-1","robots_max_imagepreview":"large","priority":null,"frequency":"default","local_seo":null,"seo_analyzer_scan_date":"2026-09-01 14:25:58","breadcrumb_settings":null,"limit_modified_date":false,"open_ai":null,"ai":{"faqs":[],"keyPoints":[],"schemas":[],"titles":[],"descriptions":[],"socialPosts":{"email":{"subject":"","preview":"","content":""},"linkedin":[],"twitter":[],"facebook":[],"instagram":[]}},"created":"2026-09-01 14:04:28","updated":"2026-09-01 15:15:45","focus_keyword":"INDX Global Paris 2026","additional_keywords":[{"word":"Parigi","score":89,"items":{"introductionKeyword":{"score":9},"keyphraseLength":{"score":9},"keyphraseDensity":{"score":9},"functionWordsInKeyphrase":{"score":9},"textCompetingLinks":{"score":9},"imageKeyphrase":{"score":3}}},{"word":"Fiera parigi","score":69,"items":{"introductionKeyword":{"score":3},"keyphraseLength":{"score":9},"keyphraseDensity":{"score":4},"functionWordsInKeyphrase":{"score":9},"textCompetingLinks":{"score":9},"imageKeyphrase":{"score":3}}},{"word":"INDX Global","score":89,"items":{"introductionKeyword":{"score":9},"keyphraseLength":{"score":9},"keyphraseDensity":{"score":9},"functionWordsInKeyphrase":{"score":9},"textCompetingLinks":{"score":9},"imageKeyphrase":{"score":3}}}],"truseo_locale":null},"aioseo_breadcrumb":"<div class=\"aioseo-breadcrumbs\"><span class=\"aioseo-breadcrumb\">\n\t<a href=\"https:\/\/agglotech.com\/fr\/\" title=\"Home\">Home<\/a>\n<\/span><span class=\"aioseo-breadcrumb-separator\">&raquo;<\/span><span class=\"aioseo-breadcrumb\">\n\t<a href=\"https:\/\/agglotech.com\/fr\/category\/news\/\" title=\"NEWS\">NEWS<\/a>\n<\/span><span class=\"aioseo-breadcrumb-separator\">&raquo;<\/span><span class=\"aioseo-breadcrumb\">\n\tINDX Global Paris 2026\n<\/span><\/div>","aioseo_breadcrumb_json":[{"label":"Home","link":"https:\/\/agglotech.com\/fr\/"},{"label":"NEWS","link":"https:\/\/agglotech.com\/fr\/category\/news\/"},{"label":"INDX Global Paris 2026","link":"https:\/\/agglotech.com\/fr\/indx-global-paris-2026\/"}],"_links":{"self":[{"href":"https:\/\/agglotech.com\/fr\/wp-json\/wp\/v2\/posts\/47743","targetHints":{"allow":["GET"]}}],"collection":[{"href":"https:\/\/agglotech.com\/fr\/wp-json\/wp\/v2\/posts"}],"about":[{"href":"https:\/\/agglotech.com\/fr\/wp-json\/wp\/v2\/types\/post"}],"author":[{"embeddable":true,"href":"https:\/\/agglotech.com\/fr\/wp-json\/wp\/v2\/users\/1"}],"replies":[{"embeddable":true,"href":"https:\/\/agglotech.com\/fr\/wp-json\/wp\/v2\/comments?post=47743"}],"version-history":[{"count":5,"href":"https:\/\/agglotech.com\/fr\/wp-json\/wp\/v2\/posts\/47743\/revisions"}],"predecessor-version":[{"id":47764,"href":"https:\/\/agglotech.com\/fr\/wp-json\/wp\/v2\/posts\/47743\/revisions\/47764"}],"wp:featuredmedia":[{"embeddable":true,"href":"https:\/\/agglotech.com\/fr\/wp-json\/wp\/v2\/media\/47744"}],"wp:attachment":[{"href":"https:\/\/agglotech.com\/fr\/wp-json\/wp\/v2\/media?parent=47743"}],"wp:term":[{"taxonomy":"category","embeddable":true,"href":"https:\/\/agglotech.com\/fr\/wp-json\/wp\/v2\/categories?post=47743"},{"taxonomy":"post_tag","embeddable":true,"href":"https:\/\/agglotech.com\/fr\/wp-json\/wp\/v2\/tags?post=47743"}],"curies":[{"name":"wp","href":"https:\/\/api.w.org\/{rel}","templated":true}]}}